{"id":757,"date":"2016-03-29T11:24:55","date_gmt":"2016-03-29T11:24:55","guid":{"rendered":"http:\/\/joancalsguell.cat\/?p=757"},"modified":"2016-05-17T21:30:59","modified_gmt":"2016-05-17T21:30:59","slug":"castellano-detalle-urbanismo","status":"publish","type":"post","link":"https:\/\/joancalsguell.cat\/es\/2016\/03\/29\/castellano-detalle-urbanismo\/","title":{"rendered":"Detalle urbanismo"},"content":{"rendered":"<p><\/p>\n<table style=\"width: 593px; height: 394px;\">\n<tbody>\n<tr>\n<td style=\"width: 200px; text-align: center; vertical-align: bottom;\"><img loading=\"lazy\" decoding=\"async\" class=\"alignleft size-full wp-image-752\" src=\"http:\/\/joancalsguell.cat\/wp-content\/uploads\/2016\/03\/Copia-de-20160314_131550.jpg\" alt=\"Copia de 20160314_131550\" width=\"235\" height=\"288\" \/><\/td>\n<td style=\"text-align: left; vertical-align: bottom;\">\n<h5 style=\"text-align: justify;\">Debat Costa Brava<\/h5>\n<h5 style=\"text-align: justify;\">Congr\u00e9s: Un futur sostenible<\/h5>\n<h5 style=\"text-align: justify;\">Obra colectiva<\/h5>\n<h5 style=\"text-align: justify;\">Demarcaci\u00f3n de Girona del Col.legi d&#8217;Arquitectes de Catalunya<\/h5>\n<h5 style=\"text-align: justify;\">A\u00f1o 2005<\/h5>\n<\/td>\n<\/tr>\n<tr>\n<td style=\"width: 200px; text-align: justify;\" colspan=\"2\">\n<h5>Conclusions<\/h5>\n<h5 style=\"text-align: left;\">Joan Cals<\/h5>\n<\/td>\n<\/tr>\n<\/tbody>\n<\/table>\n<hr \/>\n<h5><strong><span style=\"color: #017cba;\">\u201cRevisi\u00f3n de un turismo mediterr\u00e1neo\u201d<\/span><\/strong> en <em><span style=\"color: #993300;\">Annals of Tourism Research en Espa\u00f1ol<\/span><\/em>, volumen 5, n\u00famero 2, a\u00f1o 2003.<\/h5>\n<h5>Joan Cals<\/h5>\n<hr \/>\n<table class=\" alignleft\" style=\"height: 366px;\" width=\"600\">\n<tbody>\n<tr>\n<td style=\"width: 200px; vertical-align: bottom;\"><img loading=\"lazy\" decoding=\"async\" class=\"aligncenter\" src=\"http:\/\/joancalsguell.cat\/wp-content\/uploads\/2016\/03\/Copia-de-20160329_172603.jpg\" alt=\"Copia de 20160329_172603\" width=\"235\" height=\"241\" \/><\/td>\n<td style=\"width: 400px; vertical-align: bottom;\">\n<h5 style=\"text-align: justify;\">Arquitectura y Turismo: Planes y proyectos<\/h5>\n<h5 style=\"text-align: justify;\">Rosa Barba y Ricard Pi\u00e9 (editores)<\/h5>\n<h5 style=\"text-align: justify;\">Departamento de Urbanismo y Ordenaci\u00f3n del Territorio, UPC<\/h5>\n<h5 style=\"text-align: justify;\">A\u00f1o 1996<\/h5>\n<\/td>\n<\/tr>\n<tr>\n<td style=\"vertical-align: bottom;\" colspan=\"2\">\n<h5 style=\"text-align: justify;\">Entorno, competitividad de la oferta y rentabilidad social de los proyectos tur\u00edsticos<\/h5>\n<h5 style=\"text-align: justify;\">Joan Cals<\/h5>\n<\/td>\n<\/tr>\n<\/tbody>\n<\/table>\n<table style=\"width: 593px; height: 394px;\">\n<tbody>\n<tr>\n<td style=\"width: 200px; text-align: center; vertical-align: bottom;\">\u00a0<img loading=\"lazy\" decoding=\"async\" class=\"alignnone size-medium wp-image-1034\" src=\"http:\/\/joancalsguell.cat\/wp-content\/uploads\/2016\/04\/20160402_160925-Copia-209x300.jpg\" alt=\"20160402_160925 - C\u00f2pia\" width=\"209\" height=\"300\" \/><\/td>\n<td style=\"text-align: left; vertical-align: bottom;\">\n<h5>Debat urban\u00edstic sobre la Costa Brava<\/h5>\n<h5 style=\"text-align: justify;\">Obra colectiva<\/h5>\n<h5 style=\"text-align: justify;\">Demarcaci\u00f3n de Girona del Col\u00b7legi d&#8217;Arquitectes de Catalunya<\/h5>\n<h5 style=\"text-align: justify;\">A\u00f1o 1990<\/h5>\n<\/td>\n<\/tr>\n<tr>\n<td style=\"width: 200px; text-align: justify;\" colspan=\"2\">\n<h5>Un pla d&#8217;actuaci\u00f3 per a la Costa Brava<\/h5>\n<h5>Joan Cals<\/h5>\n<\/td>\n<\/tr>\n<\/tbody>\n<\/table>\n<hr \/>\n<table style=\"width: 593px; height: 394px;\">\n<tbody>\n<tr>\n<td style=\"width: 200px; text-align: center; vertical-align: bottom;\"><img decoding=\"async\" src=\"http:\/\/joancalsguell.cat\/wp-content\/uploads\/2016\/03\/Copia-de-20160329_174151.jpg\" alt=\"Copia de 20160329_174151\" \/><\/td>\n<td style=\"text-align: left; vertical-align: bottom;\">\n<h5 style=\"text-align: justify;\">Ecolog\u00eda, econom\u00eda y turismo en el Mediterr\u00e1neo<\/h5>\n<h5 style=\"text-align: justify;\">Ayuntamiento de Benidorm\/Universidad de Alicante<\/h5>\n<h5 style=\"text-align: justify;\">A\u00f1o 1986<\/h5>\n<\/td>\n<\/tr>\n<tr>\n<td style=\"width: 600px; text-align: justify; vertical-align: bottom;\" colspan=\"2\">\n<h5>Turismo y territorio: los t\u00e9rminos de una dial\u00e9ctica<\/h5>\n<h5>Joan Cals<\/h5>\n<\/td>\n<\/tr>\n<\/tbody>\n<\/table>\n<hr \/>\n<table width=\"599\">\n<tbody>\n<tr>\n<td style=\"width: 200px; vertical-align: bottom;\">\u00a0<img loading=\"lazy\" decoding=\"async\" class=\"size-full wp-image-825 aligncenter\" src=\"http:\/\/joancalsguell.cat\/wp-content\/uploads\/2016\/03\/20160329_174956-Copia.jpg\" alt=\"20160329_174956 - C\u00f2pia\" width=\"223\" height=\"314\" \/><\/td>\n<td style=\"width: 400px; vertical-align: bottom;\">\n<h5 style=\"text-align: justify;\">Pla general d&#8217;ordenaci\u00f3 de la subcomarca de la Bisbal<\/h5>\n<h5 style=\"text-align: justify;\">Grupo director: Ignasi Bosch, Joan Escrib\u00e0, Mi\u00f3s Nadal, Joan Cals y Ramon Romaguera<\/h5>\n<h5 style=\"text-align: justify;\">A\u00f1o 1978<\/h5>\n<\/td>\n<\/tr>\n<\/tbody>\n<\/table>\n<hr \/>\n<table style=\"width: 602px; height: 571px;\">\n<tbody>\n<tr>\n<td style=\"width: 200px; text-align: center; vertical-align: bottom;\"><img decoding=\"async\" class=\"aligncenter\" src=\"http:\/\/joancalsguell.cat\/wp-content\/uploads\/2016\/03\/Copia-de-20160314_131637-1.jpg\" alt=\"\" \/><\/td>\n<td style=\"text-align: left; vertical-align: bottom;\">\n<h5>Obra colectiva<\/h5>\n<h5>Cambra de Comer\u00e7 i Ind\u00fastria de Girona<\/h5>\n<h5>A\u00f1o 1978<\/h5>\n<\/td>\n<\/tr>\n<tr>\n<td style=\"width: 200px; text-align: center; vertical-align: bottom;\" colspan=\"2\">\n<h5 style=\"text-align: justify;\">Els parcs naturals en l&#8217;ordenaci\u00f3 de les comarques gironines del litoral<\/h5>\n<h5 style=\"text-align: justify;\">Joan Cals i Benet Cervera<\/h5>\n<h5 style=\"text-align: justify;\">Per la Costa Brava, declaraci\u00f3n final firmada por:<\/h5>\n<h5 style=\"text-align: justify;\">Departament d&#8217;Estructura i Pol\u00edtica Econ\u00f2mica de la UAB, Pres\u00e8ncia, Equipo de trabajo \u00abCosta Brava\u00bb, Comunitat Tur\u00edstica de la Costa Brava, Ponencia de Turismo del Congr\u00e9s de Cultura Catalana, Casal del Montgr\u00ed \u00a0y c\u00e1maras de comercio e industria de Girona, Palam\u00f3s y Sant Feliu de Gu\u00edxols<\/h5>\n<\/td>\n<\/tr>\n<\/tbody>\n<\/table>\n<hr \/>\n<h5 style=\"text-align: justify;\"><span style=\"color: #017cba;\"><strong>\u201cLes processus d\u2019urbanisation touristique sur la Costa Brava\u201d<\/strong><\/span> en <span style=\"color: #993300;\"><em>Revue Geographiques des Pyr\u00e9n\u00e9es et du Sud-Ouest<\/em><\/span>, tomo 48, fasc\u00edculo 2, a\u00f1o 1977.<\/h5>\n<h5 style=\"text-align: justify;\">Joan Cals, Juli Esteban y Carles Teixidor<\/h5>\n<hr \/>\n<h5 style=\"text-align: justify;\"><\/h5>\n<table class=\" alignleft\">\n<tbody>\n<tr>\n<td style=\"text-align: center; vertical-align: middle;\">\n<h2>\u00a0 \u00a0 <span style=\"color: #993300;\"><span style=\"color: #003300;\">El Manifest de les Gavarres<\/span><\/span><\/h2>\n<h5>Llamamiento a una acci\u00f3n mancomunada para<\/h5>\n<h5>DEFENDERLAS<\/h5>\n<h5>PARALIZAR LA URBANIZACI\u00d3N DEGRADANTE<\/h5>\n<h5>SER RECONOCIDAS COMO PARQUE NATURAL<\/h5>\n<p><span style=\"color: #993366;\"><a style=\"color: #993366;\" href=\"http:\/\/joancalsguell.cat\/wp-content\/uploads\/2016\/04\/manifestgavarres.pdf\" rel=\"\">manifestgavarres<\/a><\/span><\/p>\n<h5 style=\"text-align: center;\"><\/h5>\n<h5 style=\"text-align: center;\">Romany\u00e0 de la Selva, 6 de diciembre de 1975<\/h5>\n<\/td>\n<\/tr>\n<tr>\n<td style=\"text-align: center; vertical-align: middle;\">\n<h5>&#8230;Inicio de la campa\u00f1a<\/h5>\n<h2><span style=\"color: #003366;\">EN DEFENSA DE LA COSTA BRAVA<\/span><\/h2>\n<h5>mediante la declaraci\u00f3n de los parques naturales de<\/h5>\n<h5>les Gavarres, el cap de Creus y cap Norfeu, el Montgr\u00ed y Cadiretes<\/h5>\n<h5>Con la firma de 5025 personas y 50 entidades para los escritos presentados el 29 de mayo de 1976 al Gobierno Civil, Diputaci\u00f3n, ICONA y Comisi\u00f3n Provincial de Urbanismo<\/h5>\n<\/td>\n<\/tr>\n<tr>\n<td style=\"text-align: center; vertical-align: middle;\">\n<style type=\"text\/css\">\n\t\t\t#gallery-2 {\n\t\t\t\tmargin: auto;\n\t\t\t}\n\t\t\t#gallery-2 .gallery-item {\n\t\t\t\tfloat: left;\n\t\t\t\tmargin-top: 10px;\n\t\t\t\ttext-align: center;\n\t\t\t\twidth: 33%;\n\t\t\t}\n\t\t\t#gallery-2 img {\n\t\t\t\tborder: 2px solid #cfcfcf;\n\t\t\t}\n\t\t\t#gallery-2 .gallery-caption {\n\t\t\t\tmargin-left: 0;\n\t\t\t}\n\t\t\t\/* see gallery_shortcode() in wp-includes\/media.php *\/\n\t\t<\/style>\n<div id='gallery-2' class='gallery galleryid-757 gallery-columns-3 gallery-size-thumbnail'>\n<dl class='gallery-item'>\n<dt class='gallery-icon portrait'>\n\t\t\t\t<a href='https:\/\/joancalsguell.cat\/es\/img034\/'><img loading=\"lazy\" decoding=\"async\" width=\"150\" height=\"150\" src=\"https:\/\/joancalsguell.cat\/wp-content\/uploads\/2016\/04\/img034-150x150.jpg\" class=\"attachment-thumbnail size-thumbnail\" alt=\"\" aria-describedby=\"gallery-2-1504\" srcset=\"https:\/\/joancalsguell.cat\/wp-content\/uploads\/2016\/04\/img034-150x150.jpg 150w, https:\/\/joancalsguell.cat\/wp-content\/uploads\/2016\/04\/img034-50x50.jpg 50w, https:\/\/joancalsguell.cat\/wp-content\/uploads\/2016\/04\/img034-100x100.jpg 100w\" sizes=\"auto, (max-width: 150px) 100vw, 150px\" \/><\/a>\n\t\t\t<\/dt>\n<dd class='wp-caption-text gallery-caption' id='gallery-2-1504'>\n\t\t\t\tCampanya de firmes\n\t\t\t\t<\/dd>\n<\/dl>\n<dl class='gallery-item'>\n<dt class='gallery-icon portrait'>\n\t\t\t\t<a href='https:\/\/joancalsguell.cat\/es\/img033\/'><img loading=\"lazy\" decoding=\"async\" width=\"150\" height=\"150\" src=\"https:\/\/joancalsguell.cat\/wp-content\/uploads\/2016\/04\/img033-150x150.jpg\" class=\"attachment-thumbnail size-thumbnail\" alt=\"\" aria-describedby=\"gallery-2-1506\" srcset=\"https:\/\/joancalsguell.cat\/wp-content\/uploads\/2016\/04\/img033-150x150.jpg 150w, https:\/\/joancalsguell.cat\/wp-content\/uploads\/2016\/04\/img033-50x50.jpg 50w, https:\/\/joancalsguell.cat\/wp-content\/uploads\/2016\/04\/img033-100x100.jpg 100w\" sizes=\"auto, (max-width: 150px) 100vw, 150px\" \/><\/a>\n\t\t\t<\/dt>\n<dd class='wp-caption-text gallery-caption' id='gallery-2-1506'>\n\t\t\t\tEscrit adre\u00e7at a la Comissi\u00f3 Provincial d&#8217;Urbanisme\n\t\t\t\t<\/dd>\n<\/dl>\n<dl class='gallery-item'>\n<dt class='gallery-icon portrait'>\n\t\t\t\t<a href='https:\/\/joancalsguell.cat\/es\/img035\/'><img loading=\"lazy\" decoding=\"async\" width=\"150\" height=\"150\" src=\"https:\/\/joancalsguell.cat\/wp-content\/uploads\/2016\/04\/img035-150x150.jpg\" class=\"attachment-thumbnail size-thumbnail\" alt=\"\" aria-describedby=\"gallery-2-1505\" srcset=\"https:\/\/joancalsguell.cat\/wp-content\/uploads\/2016\/04\/img035-150x150.jpg 150w, https:\/\/joancalsguell.cat\/wp-content\/uploads\/2016\/04\/img035-50x50.jpg 50w, https:\/\/joancalsguell.cat\/wp-content\/uploads\/2016\/04\/img035-100x100.jpg 100w\" sizes=\"auto, (max-width: 150px) 100vw, 150px\" \/><\/a>\n\t\t\t<\/dt>\n<dd class='wp-caption-text gallery-caption' id='gallery-2-1505'>\n\t\t\t\tEscrit adre\u00e7at a la Diputaci\u00f3\n\t\t\t\t<\/dd>\n<\/dl>\n<p><br style=\"clear: both\" \/>\n\t\t<\/div>\n<\/td>\n<\/tr>\n<\/tbody>\n<\/table>\n<hr \/>\n<h5><span style=\"color: #017cba;\"><strong>\u201cLa necessitat de reserves naturals\u201d<\/strong><\/span>\u00a0en\u00a0<span style=\"color: #993300;\"><em>Pres\u00e8ncia<\/em><\/span>, n\u00fameros 382-383, 9-16 de agosto de 1975<\/h5>\n<h5>Benet Cervera y Joan Cals<\/h5>\n<p><\/p>","protected":false},"excerpt":{"rendered":"<p>Debat Costa Brava Congr\u00e9s: Un futur sostenible Obra colectiva Demarcaci\u00f3n de Girona del Col.legi d&#8217;Arquitectes de Catalunya A\u00f1o 2005 Conclusions Joan Cals \u201cRevisi\u00f3n de un turismo mediterr\u00e1neo\u201d en Annals of Tourism Research en Espa\u00f1ol, volumen 5, n\u00famero 2, a\u00f1o 2003. Joan Cals Arquitectura y Turismo: Planes y proyectos Rosa Barba y Ricard Pi\u00e9 (editores) Departamento [&hellip;]<\/p>\n","protected":false},"author":1,"featured_media":0,"comment_status":"closed","ping_status":"closed","sticky":false,"template":"","format":"standard","meta":{"footnotes":""},"categories":[33],"tags":[],"class_list":["post-757","post","type-post","status-publish","format-standard","hentry","category-urbanismo"],"_links":{"self":[{"href":"https:\/\/joancalsguell.cat\/es\/wp-json\/wp\/v2\/posts\/757","targetHints":{"allow":["GET"]}}],"collection":[{"href":"https:\/\/joancalsguell.cat\/es\/wp-json\/wp\/v2\/posts"}],"about":[{"href":"https:\/\/joancalsguell.cat\/es\/wp-json\/wp\/v2\/types\/post"}],"author":[{"embeddable":true,"href":"https:\/\/joancalsguell.cat\/es\/wp-json\/wp\/v2\/users\/1"}],"replies":[{"embeddable":true,"href":"https:\/\/joancalsguell.cat\/es\/wp-json\/wp\/v2\/comments?post=757"}],"version-history":[{"count":95,"href":"https:\/\/joancalsguell.cat\/es\/wp-json\/wp\/v2\/posts\/757\/revisions"}],"predecessor-version":[{"id":1784,"href":"https:\/\/joancalsguell.cat\/es\/wp-json\/wp\/v2\/posts\/757\/revisions\/1784"}],"wp:attachment":[{"href":"https:\/\/joancalsguell.cat\/es\/wp-json\/wp\/v2\/media?parent=757"}],"wp:term":[{"taxonomy":"category","embeddable":true,"href":"https:\/\/joancalsguell.cat\/es\/wp-json\/wp\/v2\/categories?post=757"},{"taxonomy":"post_tag","embeddable":true,"href":"https:\/\/joancalsguell.cat\/es\/wp-json\/wp\/v2\/tags?post=757"}],"curies":[{"name":"wp","href":"https:\/\/api.w.org\/{rel}","templated":true}]}}